{"id":5821,"date":"2020-09-23T11:10:55","date_gmt":"2020-09-23T09:10:55","guid":{"rendered":"http:\/\/assistans.tv\/blogg\/?p=5821"},"modified":"2020-09-23T11:10:55","modified_gmt":"2020-09-23T09:10:55","slug":"statligt-huvudmannaskap","status":"publish","type":"post","link":"http:\/\/assistans.tv\/blogg\/2020\/09\/23\/statligt-huvudmannaskap\/","title":{"rendered":"Statligt huvudmannaskap"},"content":{"rendered":"\n<div class=\"wp-block-image\"><figure class=\"aligncenter size-large\"><img loading=\"lazy\" decoding=\"async\" width=\"300\" height=\"79\" src=\"http:\/\/assistans.tv\/blogg\/wp-content\/uploads\/2017\/05\/assistansjuristerna-1-300x79-1.png\" alt=\"\" class=\"wp-image-4677\"\/><\/figure><\/div>\n\n\n\n<p><\/p>\n\n\n\n<p>V\u00e4nsterpartiet, Moderaterna och Kristdemokraterna kr\u00e4ver ett statligt huvudmannaskap f\u00f6r assistansen. Man tar du ett gemensamt initiativ f\u00f6r detta i riksdagens socialutskott. Jag kan f\u00f6rst\u00e5 tanken bakom det h\u00e4r och det \u00e4r v\u00e4l bra. Med tanke p\u00e5 kommuners olika ekonomi och bed\u00f6mningar av behov. Men jag tror att m\u00e5nga kommer att st\u00e5 helt utan assistans om detta f\u00f6rverkligas utan att ha gjort n\u00e5got \u00e5t den h\u00e5rda bed\u00f6mningen som F\u00f6rs\u00e4kringskassan idag anv\u00e4nder.<br><br><br> Men menar fr\u00e5n partierna som lagt fram f\u00f6rslaget att kommuners ekonomi och inte personers behov kommer att styra precis som jag var inne p\u00e5. Men hur ska det h\u00e4r g\u00e5 till? M\u00e5nga som har kommunal assistans kommer inte att f\u00e5 n\u00e5gon hj\u00e4lp med F\u00f6rs\u00e4kringskassans nuvarande v\u00e4gledning.<\/p>\n\n\n\n<p><\/p>\n\n\n\n<div class=\"wp-block-image\"><figure class=\"aligncenter size-large\"><img loading=\"lazy\" decoding=\"async\" width=\"250\" height=\"333\" src=\"http:\/\/assistans.tv\/blogg\/wp-content\/uploads\/2020\/05\/Piasteensland_250.jpg\" alt=\"\" class=\"wp-image-5708\" srcset=\"http:\/\/assistans.tv\/blogg\/wp-content\/uploads\/2020\/05\/Piasteensland_250.jpg 250w, http:\/\/assistans.tv\/blogg\/wp-content\/uploads\/2020\/05\/Piasteensland_250-225x300.jpg 225w\" sizes=\"(max-width: 250px) 100vw, 250px\" \/><\/figure><\/div>\n\n\n\n<p><\/p>\n\n\n\n<p>Precis som jag skrev s\u00e5 varnar Jonas Franksson fr\u00e5n STIL om detta. Han menar att av dem 5000 som idag har kommunal assistans s\u00e5 kommer v\u00e4ldigt f\u00e5 att f\u00e5 assistans hos F\u00f6rs\u00e4kringskassan om inte bed\u00f6mningarna \u00e4ndras. Idag har 9 av 10 personer avslag p\u00e5 sin ans\u00f6kan om assistans hos F\u00f6rs\u00e4kringskassan. S\u00e5 l\u00e4get ser inte bra ut om inget radikalt g\u00f6rs innan staten tar \u00f6ver samtliga i behov av personlig assistans.<\/p>\n\n\n\n<p>Vill ni l\u00e4sa artikeln i sin helhet s\u00e5 finns den i en l\u00e4nk h\u00e4r nedan:<br><br><a href=\"https:\/\/assistanskoll.se\/20200918-V-M-och-KD-krever-statligt-huvudmannaskap.html\">https:\/\/assistanskoll.se\/20200918-V-M-och-KD-krever-statligt-huvudmannaskap.html<\/a><\/p>\n\n\n\n<p>Beh\u00f6ver ni hj\u00e4lp att ans\u00f6ka eller \u00f6verklaga ett beslut om assistans? Kontakta oss p\u00e5 Assistansjuristerna. <br><br><strong>Niklas <br>\/sekreterare<\/strong><\/p>\n","protected":false},"excerpt":{"rendered":"<p>V\u00e4nsterpartiet, Moderaterna och Kristdemokraterna kr\u00e4ver ett statligt huvudmannaskap f\u00f6r assistansen. Man tar du ett gemensamt initiativ f\u00f6r detta i riksdagens socialutskott. Jag kan f\u00f6rst\u00e5 tanken bakom det h\u00e4r och det \u00e4r v\u00e4l bra. Med tanke p\u00e5 kommuners olika ekonomi och bed\u00f6mningar av behov. Men jag tror att m\u00e5nga kommer att st\u00e5 helt utan assistans om &hellip; <\/p>\n<p class=\"link-more\"><a href=\"http:\/\/assistans.tv\/blogg\/2020\/09\/23\/statligt-huvudmannaskap\/\" class=\"more-link\">Forts\u00e4tt l\u00e4sa<span class=\"screen-reader-text\"> \u201dStatligt huvudmannaskap\u201d<\/span><\/a><\/p>\n","protected":false},"author":3,"featured_media":0,"comment_status":"open","ping_status":"open","sticky":false,"template":"","format":"standard","meta":{"footnotes":""},"categories":[7],"tags":[],"class_list":["post-5821","post","type-post","status-publish","format-standard","hentry","category-assistansjuristerna"],"_links":{"self":[{"href":"http:\/\/assistans.tv\/blogg\/wp-json\/wp\/v2\/posts\/5821"}],"collection":[{"href":"http:\/\/assistans.tv\/blogg\/wp-json\/wp\/v2\/posts"}],"about":[{"href":"http:\/\/assistans.tv\/blogg\/wp-json\/wp\/v2\/types\/post"}],"author":[{"embeddable":true,"href":"http:\/\/assistans.tv\/blogg\/wp-json\/wp\/v2\/users\/3"}],"replies":[{"embeddable":true,"href":"http:\/\/assistans.tv\/blogg\/wp-json\/wp\/v2\/comments?post=5821"}],"version-history":[{"count":1,"href":"http:\/\/assistans.tv\/blogg\/wp-json\/wp\/v2\/posts\/5821\/revisions"}],"predecessor-version":[{"id":5822,"href":"http:\/\/assistans.tv\/blogg\/wp-json\/wp\/v2\/posts\/5821\/revisions\/5822"}],"wp:attachment":[{"href":"http:\/\/assistans.tv\/blogg\/wp-json\/wp\/v2\/media?parent=5821"}],"wp:term":[{"taxonomy":"category","embeddable":true,"href":"http:\/\/assistans.tv\/blogg\/wp-json\/wp\/v2\/categories?post=5821"},{"taxonomy":"post_tag","embeddable":true,"href":"http:\/\/assistans.tv\/blogg\/wp-json\/wp\/v2\/tags?post=5821"}],"curies":[{"name":"wp","href":"https:\/\/api.w.org\/{rel}","templated":true}]}}