{"id":5817,"date":"2020-09-18T14:37:57","date_gmt":"2020-09-18T12:37:57","guid":{"rendered":"http:\/\/assistans.tv\/blogg\/?p=5817"},"modified":"2020-09-18T14:37:57","modified_gmt":"2020-09-18T12:37:57","slug":"vilka-signaler-ger-en-remittering-av-lss-utredningen","status":"publish","type":"post","link":"http:\/\/assistans.tv\/blogg\/2020\/09\/18\/vilka-signaler-ger-en-remittering-av-lss-utredningen\/","title":{"rendered":"Vilka signaler ger en remittering av LSS Utredningen?"},"content":{"rendered":"\n<div class=\"wp-block-image\"><figure class=\"aligncenter size-large\"><img loading=\"lazy\" decoding=\"async\" width=\"300\" height=\"79\" src=\"http:\/\/assistans.tv\/blogg\/wp-content\/uploads\/2017\/05\/assistansjuristerna-1-300x79-1.png\" alt=\"\" class=\"wp-image-4677\"\/><\/figure><\/div>\n\n\n\n<p><\/p>\n\n\n\n<p>Assistanskoll.se har gjort en mycket bra intervju med Jonas Franksson p\u00e5 STIL som alltid har v\u00e4ldigt intressanta saker att s\u00e4ga. Han tycker bl.a att skicka ut den i \u00e4ven mitt tycke katastrofala LSS utredningen p\u00e5 remiss \u00e4r ett sl\u00f6seri med tid. Vi m\u00e5ste bl.a  komma ifr\u00e5n det h\u00e4r med grundl\u00e4ggande behov s\u00e4ger Jonas och han har helt r\u00e4tt. N\u00e4r detta inf\u00f6rdes s\u00e5 var det f\u00f6rsta spiken i kistan f\u00f6r LSS reformen. Friheten och grundtanken med LSS b\u00f6rjade redan d\u00e4r att krackelera. Jonas menar att man hade h\u00f6ga f\u00f6rv\u00e4ntningar n\u00e4r LSS Utredningen skulle genomf\u00f6ras. Men n\u00e4r utredningsdirektiven presenterades s\u00e5 grusades alla f\u00f6rhoppningar. Det har vi alla k\u00e4nt som p\u00e5 n\u00e5got s\u00e4tt \u00e4r ber\u00f6rda av assistansen. <\/p>\n\n\n\n<p><\/p>\n\n\n\n<p>Att vi m\u00e5ste bort ifr\u00e5n grundl\u00e4ggande behoven \u00e4r vi nog alla \u00f6verens om, Jonas tar upp att den assistansutredning som gjordes 1996 var mycket hafsig och delade upp LSS reformen p\u00e5 ett n\u00e4stan rasbiologiskt s\u00e4tt. Ganska starka ord, men att utredningen var katastrofal kan vi nog alla vara \u00f6verens om. Som jag minns det s\u00e5 tyckte regeringen med d\u00e5varande statsminister G\u00f6ran Persson att kostnaderna blev f\u00f6r stora. D\u00e4rf\u00f6r gjordes utredningen som skapade dem grundl\u00e4ggande behoven som har st\u00e4llt till med s\u00e5 mycket el\u00e4nde.<\/p>\n\n\n\n<p><\/p>\n\n\n\n<figure class=\"wp-block-image size-large\"><img loading=\"lazy\" decoding=\"async\" width=\"480\" height=\"543\" src=\"http:\/\/assistans.tv\/blogg\/wp-content\/uploads\/2020\/04\/Jonas_Franksson_1.jpg\" alt=\"\" class=\"wp-image-5656\" srcset=\"http:\/\/assistans.tv\/blogg\/wp-content\/uploads\/2020\/04\/Jonas_Franksson_1.jpg 480w, http:\/\/assistans.tv\/blogg\/wp-content\/uploads\/2020\/04\/Jonas_Franksson_1-265x300.jpg 265w\" sizes=\"(max-width: 480px) 100vw, 480px\" \/><\/figure>\n\n\n\n<p><\/p>\n\n\n\n<p>Ett annat f\u00f6rslag som Jonas tar upp \u00e4r att ompr\u00f6vningarna enligt den nya utredningen skulle g\u00f6ras vart tredje \u00e5r ist\u00e4llet f\u00f6r vartannat. D\u00e4r \u00e4r jag helt \u00f6verens med Jonas som menar att ompr\u00f6vningarna skulle bort helt. M\u00e4nniskor ska inte beh\u00f6va leva sina liv under ett st\u00e4ndigt hot. M\u00e5nga m\u00e4nniskor slappnade av n\u00e4r ompr\u00f6vningar blev frysta 2018. \u00c4ntligen kunde man planera sitt liv och inte beh\u00f6va oro sig. Men r\u00e4dslan f\u00f6r att ompr\u00f6vningarna ska \u00e5terupptas \u00e4r stor. Jag rekommenderar er att l\u00e4sa hela intervjun med Jonas Franksson h\u00e4r nedan:<\/p>\n\n\n\n<p><\/p>\n\n\n\n<h4 class=\"wp-block-heading\"><a href=\"https:\/\/assistanskoll.se\/20200917-Franksson-signaler-remittering-LSS.html\">https:\/\/assistanskoll.se\/20200917-Franksson-signaler-remittering-LSS.html<\/a><br><br>Beh\u00f6ver ni hj\u00e4lp att ans\u00f6ka eller \u00f6verklaga ett beslut om assistans? Kontakta oss p\u00e5 Assistansjuristerna Niklas \/\/sekreterare <\/h4>\n\n\n\n<p><\/p>\n","protected":false},"excerpt":{"rendered":"<p>Assistanskoll.se har gjort en mycket bra intervju med Jonas Franksson p\u00e5 STIL som alltid har v\u00e4ldigt intressanta saker att s\u00e4ga. Han tycker bl.a att skicka ut den i \u00e4ven mitt tycke katastrofala LSS utredningen p\u00e5 remiss \u00e4r ett sl\u00f6seri med tid. Vi m\u00e5ste bl.a komma ifr\u00e5n det h\u00e4r med grundl\u00e4ggande behov s\u00e4ger Jonas och han &hellip; <\/p>\n<p class=\"link-more\"><a href=\"http:\/\/assistans.tv\/blogg\/2020\/09\/18\/vilka-signaler-ger-en-remittering-av-lss-utredningen\/\" class=\"more-link\">Forts\u00e4tt l\u00e4sa<span class=\"screen-reader-text\"> \u201dVilka signaler ger en remittering av LSS Utredningen?\u201d<\/span><\/a><\/p>\n","protected":false},"author":3,"featured_media":0,"comment_status":"open","ping_status":"open","sticky":false,"template":"","format":"standard","meta":{"footnotes":""},"categories":[7],"tags":[],"class_list":["post-5817","post","type-post","status-publish","format-standard","hentry","category-assistansjuristerna"],"_links":{"self":[{"href":"http:\/\/assistans.tv\/blogg\/wp-json\/wp\/v2\/posts\/5817"}],"collection":[{"href":"http:\/\/assistans.tv\/blogg\/wp-json\/wp\/v2\/posts"}],"about":[{"href":"http:\/\/assistans.tv\/blogg\/wp-json\/wp\/v2\/types\/post"}],"author":[{"embeddable":true,"href":"http:\/\/assistans.tv\/blogg\/wp-json\/wp\/v2\/users\/3"}],"replies":[{"embeddable":true,"href":"http:\/\/assistans.tv\/blogg\/wp-json\/wp\/v2\/comments?post=5817"}],"version-history":[{"count":1,"href":"http:\/\/assistans.tv\/blogg\/wp-json\/wp\/v2\/posts\/5817\/revisions"}],"predecessor-version":[{"id":5818,"href":"http:\/\/assistans.tv\/blogg\/wp-json\/wp\/v2\/posts\/5817\/revisions\/5818"}],"wp:attachment":[{"href":"http:\/\/assistans.tv\/blogg\/wp-json\/wp\/v2\/media?parent=5817"}],"wp:term":[{"taxonomy":"category","embeddable":true,"href":"http:\/\/assistans.tv\/blogg\/wp-json\/wp\/v2\/categories?post=5817"},{"taxonomy":"post_tag","embeddable":true,"href":"http:\/\/assistans.tv\/blogg\/wp-json\/wp\/v2\/tags?post=5817"}],"curies":[{"name":"wp","href":"https:\/\/api.w.org\/{rel}","templated":true}]}}