{"id":5768,"date":"2020-07-27T11:09:32","date_gmt":"2020-07-27T09:09:32","guid":{"rendered":"http:\/\/assistans.tv\/blogg\/?p=5768"},"modified":"2020-07-27T11:09:32","modified_gmt":"2020-07-27T09:09:32","slug":"ge-oss-battre-mojligheter","status":"publish","type":"post","link":"http:\/\/assistans.tv\/blogg\/2020\/07\/27\/ge-oss-battre-mojligheter\/","title":{"rendered":"Ge oss b\u00e4ttre m\u00f6jligheter"},"content":{"rendered":"\n<div class=\"wp-block-image\"><figure class=\"aligncenter size-large\"><img loading=\"lazy\" decoding=\"async\" width=\"300\" height=\"79\" src=\"http:\/\/assistans.tv\/blogg\/wp-content\/uploads\/2017\/05\/assistansjuristerna-1-300x79-1.png\" alt=\"\" class=\"wp-image-4677\"\/><\/figure><\/div>\n\n\n\n<p><\/p>\n\n\n\n<p>Myndigheten f\u00f6r delaktighet har kartlagt h\u00e4lsan hos personer med funktionshinder. S\u00e5 m\u00e5nga som varannan person anser att deras h\u00e4lsa \u00e4r mycket d\u00e5lig. Man tycker att man f\u00e5r d\u00e5lig v\u00e5rd och \u00e4ldre l\u00e4kemedel. D\u00e5lig h\u00e4lsa i form av Diabetes, v\u00e4rk, d\u00e5liga t\u00e4nder och h\u00f6gt blodtryck \u00e4r n\u00e5gra av dem vanligaste problemen. Min personliga erfarenhet av v\u00e5rden \u00e4r ganska bra, att man skulle f\u00e5 \u00e4ldre l\u00e4kemedel, kan jag inte h\u00e5lla med om f\u00f6r att ta ett exempel. Men alla har ju olika erfarenheter. <br><br><br><br>Men att sjukv\u00e5rden m\u00e5ste f\u00e5 mer kunskap det \u00e4r sant. Varje person med funktionshinder beh\u00f6ver en kontakt person, och myndigheterna beh\u00f6ver samarbeta och samordna sina insatser. Att som forskningen antyder att den d\u00e5liga h\u00e4lsan skulle bero p\u00e5 l\u00e5g utbildning, ensamhet samt arbetsl\u00f6shet m.m har jag sv\u00e5rt att f\u00f6rst\u00e5. M\u00f6jligtvis psykisk oh\u00e4lsa, men att det skulle ha med fysisk oh\u00e4lsa att g\u00f6ra l\u00e5ter konstigt. <\/p>\n\n\n\n<p><\/p>\n\n\n\n<figure class=\"wp-block-image size-large\"><img loading=\"lazy\" decoding=\"async\" width=\"640\" height=\"320\" src=\"http:\/\/assistans.tv\/blogg\/wp-content\/uploads\/2019\/09\/bloggtisdag10.jpg\" alt=\"\" class=\"wp-image-5495\" srcset=\"http:\/\/assistans.tv\/blogg\/wp-content\/uploads\/2019\/09\/bloggtisdag10.jpg 640w, http:\/\/assistans.tv\/blogg\/wp-content\/uploads\/2019\/09\/bloggtisdag10-300x150.jpg 300w\" sizes=\"(max-width: 640px) 100vw, 640px\" \/><\/figure>\n\n\n\n<p><\/p>\n\n\n\n<p>Vidare tar man upp att skolor m\u00e5ste bli b\u00e4ttre anpassade f\u00f6r elever med funktionhinder samt eventuellt f\u00f6r\u00e4ldrar med funktionshinder. Det kan jag h\u00e5lla med om, m\u00e5nga skolor idag st\u00e4nger ute elever med funktionshinder. Till och med Universitet \u00e4r otillg\u00e4ngliga, pga \u00e4ldre byggnader som ibland \u00e4r K-m\u00e4rkta och f\u00e5r inte anpassas.<br><br><br>  Det m\u00e5ste ocks\u00e5 bli l\u00e4ttare att jobba med aktivitetsers\u00e4ttning, \u00e4ven med det system d\u00e4r man har sjukers\u00e4ttning och arbetar. Som det ser ut idag s\u00e5 \u00e4r det v\u00e4ldigt kr\u00e5ngligt. Samt om man f\u00e5r sin sjukers\u00e4ttning halverad pga att man b\u00f6rjat arbeta. S\u00e5 \u00e4r det n\u00e4stan om\u00f6jligt att f\u00e5 tillbaka hela sjukers\u00e4ttningen, om man inte l\u00e4ngre kan eller orkar arbeta av n\u00e5gon anledning. <\/p>\n\n\n\n<p><\/p>\n\n\n\n<p>Vill ni l\u00e4sa mer om detta s\u00e5 finns det i l\u00e4nken nedan:<br><br><a href=\"https:\/\/www.bohuslaningen.se\/%C3%A5sikt\/debatt-och-ins%C3%A4ndare\/ge-b%C3%A4ttre-m%C3%B6jligheter-f%C3%B6r-m%C3%A4nniskor-med-funktionsneds%C3%A4ttning-1.31700101\">https:\/\/www.bohuslaningen.se\/%C3%A5sikt\/debatt-och-ins%C3%A4ndare\/ge-b%C3%A4ttre-m%C3%B6jligheter-f%C3%B6r-m%C3%A4nniskor-med-funktionsneds%C3%A4ttning-1.31700101<\/a><\/p>\n\n\n\n<p>Beh\u00f6ver ni hj\u00e4lp att ans\u00f6kan eller \u00f6verklaga ett beslut om assistans. Kontakta oss p\u00e5 Assistansjuristerna. <br><br><strong>Niklas <br>\/\/sekreterare<\/strong> <br><\/p>\n","protected":false},"excerpt":{"rendered":"<p>Myndigheten f\u00f6r delaktighet har kartlagt h\u00e4lsan hos personer med funktionshinder. S\u00e5 m\u00e5nga som varannan person anser att deras h\u00e4lsa \u00e4r mycket d\u00e5lig. Man tycker att man f\u00e5r d\u00e5lig v\u00e5rd och \u00e4ldre l\u00e4kemedel. D\u00e5lig h\u00e4lsa i form av Diabetes, v\u00e4rk, d\u00e5liga t\u00e4nder och h\u00f6gt blodtryck \u00e4r n\u00e5gra av dem vanligaste problemen. Min personliga erfarenhet av v\u00e5rden &hellip; <\/p>\n<p class=\"link-more\"><a href=\"http:\/\/assistans.tv\/blogg\/2020\/07\/27\/ge-oss-battre-mojligheter\/\" class=\"more-link\">Forts\u00e4tt l\u00e4sa<span class=\"screen-reader-text\"> \u201dGe oss b\u00e4ttre m\u00f6jligheter\u201d<\/span><\/a><\/p>\n","protected":false},"author":3,"featured_media":0,"comment_status":"open","ping_status":"open","sticky":false,"template":"","format":"standard","meta":{"footnotes":""},"categories":[7],"tags":[],"class_list":["post-5768","post","type-post","status-publish","format-standard","hentry","category-assistansjuristerna"],"_links":{"self":[{"href":"http:\/\/assistans.tv\/blogg\/wp-json\/wp\/v2\/posts\/5768"}],"collection":[{"href":"http:\/\/assistans.tv\/blogg\/wp-json\/wp\/v2\/posts"}],"about":[{"href":"http:\/\/assistans.tv\/blogg\/wp-json\/wp\/v2\/types\/post"}],"author":[{"embeddable":true,"href":"http:\/\/assistans.tv\/blogg\/wp-json\/wp\/v2\/users\/3"}],"replies":[{"embeddable":true,"href":"http:\/\/assistans.tv\/blogg\/wp-json\/wp\/v2\/comments?post=5768"}],"version-history":[{"count":1,"href":"http:\/\/assistans.tv\/blogg\/wp-json\/wp\/v2\/posts\/5768\/revisions"}],"predecessor-version":[{"id":5769,"href":"http:\/\/assistans.tv\/blogg\/wp-json\/wp\/v2\/posts\/5768\/revisions\/5769"}],"wp:attachment":[{"href":"http:\/\/assistans.tv\/blogg\/wp-json\/wp\/v2\/media?parent=5768"}],"wp:term":[{"taxonomy":"category","embeddable":true,"href":"http:\/\/assistans.tv\/blogg\/wp-json\/wp\/v2\/categories?post=5768"},{"taxonomy":"post_tag","embeddable":true,"href":"http:\/\/assistans.tv\/blogg\/wp-json\/wp\/v2\/tags?post=5768"}],"curies":[{"name":"wp","href":"https:\/\/api.w.org\/{rel}","templated":true}]}}