{"id":5748,"date":"2020-07-02T12:10:02","date_gmt":"2020-07-02T10:10:02","guid":{"rendered":"http:\/\/assistans.tv\/blogg\/?p=5748"},"modified":"2020-07-02T12:10:02","modified_gmt":"2020-07-02T10:10:02","slug":"liberalerna-vill-se-ny-lagstiftning","status":"publish","type":"post","link":"http:\/\/assistans.tv\/blogg\/2020\/07\/02\/liberalerna-vill-se-ny-lagstiftning\/","title":{"rendered":"Liberalerna vill se ny     lagstiftning"},"content":{"rendered":"\n<div class=\"wp-block-image\"><figure class=\"aligncenter size-large\"><img loading=\"lazy\" decoding=\"async\" width=\"300\" height=\"79\" src=\"http:\/\/assistans.tv\/blogg\/wp-content\/uploads\/2017\/05\/assistansjuristerna-1-300x79-1.png\" alt=\"\" class=\"wp-image-4677\"\/><\/figure><\/div>\n\n\n\n<p><\/p>\n\n\n\n<p>Liberalerna vill se en ny lagstiftning som upph\u00e4ver de restriktiva bed\u00f6mningarna av behovet personlig hygien. Bengt Eliasson menar att de till\u00e4ggsdirektiv till den nuvarande assistansutredningen som gjorts, skulle vara en v\u00e4g att g\u00e5 f\u00f6r att uppn\u00e5 detta.<br><br><br> G\u00e4llande den Dom i H\u00f6gsta F\u00f6rvaltningsdomstolen som kom 2019 som menade att sminkning inte \u00e4r ett grundl\u00e4ggande behov, samt att personlig hygien bara ska r\u00e4knas som grundl\u00e4ggande behov om man m\u00e5ste avl\u00e4gsna smuts och andra oh\u00e4lsosamma partiklar fr\u00e5n kroppen. Det kan enligt kunniga jurister vara i strid mot den FN konvention om r\u00e4ttigheter f\u00f6r personer med funktionshinder. <\/p>\n\n\n\n<p><\/p>\n\n\n\n<div class=\"wp-block-image\"><figure class=\"aligncenter size-large\"><img loading=\"lazy\" decoding=\"async\" width=\"250\" height=\"333\" src=\"http:\/\/assistans.tv\/blogg\/wp-content\/uploads\/2020\/03\/Bengt-Eliasson_2501.jpg\" alt=\"\" class=\"wp-image-5646\" srcset=\"http:\/\/assistans.tv\/blogg\/wp-content\/uploads\/2020\/03\/Bengt-Eliasson_2501.jpg 250w, http:\/\/assistans.tv\/blogg\/wp-content\/uploads\/2020\/03\/Bengt-Eliasson_2501-225x300.jpg 225w\" sizes=\"(max-width: 250px) 100vw, 250px\" \/><\/figure><\/div>\n\n\n\n<p><\/p>\n\n\n\n<p>F\u00f6rs\u00e4kringskassan var naturligtvis snabba att agera efter den Domen och har nu blivit \u00e4nnu h\u00e5rdare i sina bed\u00f6mningar. S\u00e5 som sminkning, h\u00e5rklippning, h\u00e5rinpackning, rakning, trimning av sk\u00e4gg och insm\u00f6rjning i syfte att h\u00e5lla huden mjuk. Inte kan r\u00e4knas som grundl\u00e4ggande behov. Om det inte \u00e4r att h\u00e5lla kroppen ren fr\u00e5n smuts och andra oh\u00e4lsosamma partiklar. Bengt menar att regeringen m\u00e5ste agera direkt f\u00f6r att minska konsekvenserna av detta. <br><br><br>F\u00f6rs\u00e4kringskassan menar sj\u00e4lva att deras h\u00e5rdare bed\u00f6mningar av personlig hygien som startade redan 2017 \u00e4r orsaken till att antalet assistansber\u00e4ttigade minskar. Helt oacceptabelt menar Bengt och jag h\u00e5ller med. <\/p>\n\n\n\n<p><\/p>\n\n\n\n<p>Vidare menar Liberalerna att man ska vidta omedelbara \u00e5tg\u00e4rder och stoppa den utveckling som p\u00e5g\u00e5r. Lena Hallengren \u00f6ppnade f\u00f6r en f\u00f6r\u00e4ndring i en debatt med Pia Steensland i riksdagen. S\u00e5 vi f\u00e5r hoppas att det g\u00f6rs skyndsamt. Bengt Eliasson menar att det \u00e4r viktigt att en bred parlamentarisk \u00f6verenskommelse tas i den h\u00e4r fr\u00e5gan. <br><br><br>Vill ni l\u00e4sa hela intervjun med Bengt Eliasson s\u00e5 finns den i l\u00e4nken nedan: <br><br><a href=\"https:\/\/assistanskoll.se\/20200625-Eliasson-Liberalerna-bedomningar-hygien-oacceptabla.html\">https:\/\/assistanskoll.se\/20200625-Eliasson-Liberalerna-bedomningar-hygien-oacceptabla.html<\/a><\/p>\n\n\n\n<p><br>Beh\u00f6ver ni hj\u00e4lp att ans\u00f6ka eller \u00f6verklaga ett beslut om assistans? Kontakta oss p\u00e5 Assistansjuristerna. <br><br><strong>Niklas <br>\/\/sekreterare<\/strong>  <\/p>\n","protected":false},"excerpt":{"rendered":"<p>Liberalerna vill se en ny lagstiftning som upph\u00e4ver de restriktiva bed\u00f6mningarna av behovet personlig hygien. Bengt Eliasson menar att de till\u00e4ggsdirektiv till den nuvarande assistansutredningen som gjorts, skulle vara en v\u00e4g att g\u00e5 f\u00f6r att uppn\u00e5 detta. G\u00e4llande den Dom i H\u00f6gsta F\u00f6rvaltningsdomstolen som kom 2019 som menade att sminkning inte \u00e4r ett grundl\u00e4ggande behov, &hellip; <\/p>\n<p class=\"link-more\"><a href=\"http:\/\/assistans.tv\/blogg\/2020\/07\/02\/liberalerna-vill-se-ny-lagstiftning\/\" class=\"more-link\">Forts\u00e4tt l\u00e4sa<span class=\"screen-reader-text\"> \u201dLiberalerna vill se ny     lagstiftning\u201d<\/span><\/a><\/p>\n","protected":false},"author":3,"featured_media":0,"comment_status":"open","ping_status":"open","sticky":false,"template":"","format":"standard","meta":{"footnotes":""},"categories":[7,1],"tags":[],"class_list":["post-5748","post","type-post","status-publish","format-standard","hentry","category-assistansjuristerna","category-okategoriserade"],"_links":{"self":[{"href":"http:\/\/assistans.tv\/blogg\/wp-json\/wp\/v2\/posts\/5748"}],"collection":[{"href":"http:\/\/assistans.tv\/blogg\/wp-json\/wp\/v2\/posts"}],"about":[{"href":"http:\/\/assistans.tv\/blogg\/wp-json\/wp\/v2\/types\/post"}],"author":[{"embeddable":true,"href":"http:\/\/assistans.tv\/blogg\/wp-json\/wp\/v2\/users\/3"}],"replies":[{"embeddable":true,"href":"http:\/\/assistans.tv\/blogg\/wp-json\/wp\/v2\/comments?post=5748"}],"version-history":[{"count":2,"href":"http:\/\/assistans.tv\/blogg\/wp-json\/wp\/v2\/posts\/5748\/revisions"}],"predecessor-version":[{"id":5750,"href":"http:\/\/assistans.tv\/blogg\/wp-json\/wp\/v2\/posts\/5748\/revisions\/5750"}],"wp:attachment":[{"href":"http:\/\/assistans.tv\/blogg\/wp-json\/wp\/v2\/media?parent=5748"}],"wp:term":[{"taxonomy":"category","embeddable":true,"href":"http:\/\/assistans.tv\/blogg\/wp-json\/wp\/v2\/categories?post=5748"},{"taxonomy":"post_tag","embeddable":true,"href":"http:\/\/assistans.tv\/blogg\/wp-json\/wp\/v2\/tags?post=5748"}],"curies":[{"name":"wp","href":"https:\/\/api.w.org\/{rel}","templated":true}]}}