{"id":5699,"date":"2020-05-13T12:12:39","date_gmt":"2020-05-13T10:12:39","guid":{"rendered":"http:\/\/assistans.tv\/blogg\/?p=5699"},"modified":"2020-05-13T12:12:39","modified_gmt":"2020-05-13T10:12:39","slug":"5699","status":"publish","type":"post","link":"http:\/\/assistans.tv\/blogg\/2020\/05\/13\/5699\/","title":{"rendered":""},"content":{"rendered":"\n<figure class=\"wp-block-image size-large\"><img loading=\"lazy\" decoding=\"async\" width=\"1000\" height=\"264\" src=\"http:\/\/assistans.tv\/blogg\/wp-content\/uploads\/2017\/05\/assistansjuristerna-1.png\" alt=\"\" class=\"wp-image-4636\" srcset=\"http:\/\/assistans.tv\/blogg\/wp-content\/uploads\/2017\/05\/assistansjuristerna-1.png 1000w, http:\/\/assistans.tv\/blogg\/wp-content\/uploads\/2017\/05\/assistansjuristerna-1-300x79.png 300w, http:\/\/assistans.tv\/blogg\/wp-content\/uploads\/2017\/05\/assistansjuristerna-1-768x203.png 768w\" sizes=\"(max-width: 767px) 89vw, (max-width: 1000px) 54vw, (max-width: 1071px) 543px, 580px\" \/><\/figure>\n\n\n\n<p><\/p>\n\n\n\n<p>\u00a0\u00a0\u00a0\u00a0\u00a0\u00a0\u00a0\u00a0\u00a0\u00a0\u00a0\u00a0\u00a0\u00a0\u00a0\u00a0\u00a0\u00a0\u00a0\u00a0\u00a0\u00a0\u00a0\u00a0\u00a0\u00a0\u00a0\u00a0\u00a0\u00a0\u00a0\u00a0\u00a0\u00a0<strong>Tolkningarna blir allt mer restriktiva<\/strong><\/p>\n\n\n\n<p><\/p>\n\n\n\n<p>Nu har det grundl\u00e4ggande behovet personlig hygien blivit s\u00e5 pass restriktivt att F\u00f6rs\u00e4kringskassan bara r\u00e4knar tid f\u00f6r att h\u00e5lla smuts och andra oh\u00e4lsosamma \u00e4mnen fr\u00e5n kroppen. Men m\u00e5ste d\u00e5 motivera syftet att h\u00e5lla sig ren. Vad det g\u00e4ller rakning s\u00e5 beh\u00f6ver den s\u00f6kande ocks\u00e5 motivera behovet att h\u00e5lla sig ren.<br><br><br> Det h\u00e4r \u00e4r nu en del av F\u00f6rs\u00e4kringskassans v\u00e4gledning och har tagits direkt fr\u00e5n den Dom i H\u00f6gsta F\u00f6rvaltningsdomstolen   m\u00e5lnr 959-19 som g\u00e4ller om sminkning ska r\u00e4knas som ett grundl\u00e4ggande behov. Det h\u00e4r kommer att g\u00f6ra att b\u00e5de F\u00f6rs\u00e4kringskassan och kommunerna kommer att f\u00e5 l\u00e4ttare att neka sv\u00e5rt funktionshindrade assistans. <\/p>\n\n\n\n<p><\/p>\n\n\n\n<figure class=\"wp-block-image size-large\"><img loading=\"lazy\" decoding=\"async\" width=\"542\" height=\"670\" src=\"http:\/\/assistans.tv\/blogg\/wp-content\/uploads\/2020\/05\/MathiasBlombergny1.jpg\" alt=\"\" class=\"wp-image-5700\" srcset=\"http:\/\/assistans.tv\/blogg\/wp-content\/uploads\/2020\/05\/MathiasBlombergny1.jpg 542w, http:\/\/assistans.tv\/blogg\/wp-content\/uploads\/2020\/05\/MathiasBlombergny1-243x300.jpg 243w\" sizes=\"(max-width: 542px) 100vw, 542px\" \/><\/figure>\n\n\n\n<p><\/p>\n\n\n\n<p>F\u00f6rs\u00e4kringskassan har fortsatt att f\u00f6lja ett m\u00f6nster d\u00e4r man tolkar s\u00e5 restriktivt man kan. I F\u00f6rs\u00e4kringskassans v\u00e4gledning st\u00e5r det att, sminkning, h\u00e5rklippning, h\u00e5rinpackning, trimning av sk\u00e4gg samt insm\u00f6rjning i syfte att h\u00e5lla huden mjuk aldrig kan vara ett grundl\u00e4ggande behov. Vid rakning s\u00e5 m\u00e5ste den s\u00f6kande motivera i vilket syfte som rakningen hj\u00e4lper personen i fr\u00e5ga att h\u00e5lla sig ren. F\u00f6r att det ska r\u00e4knas som ett grundl\u00e4ggande behov. <br><br><br>Vikten att vi f\u00e5r en ny lagstiftning p\u00e5 plats snarast kan man f\u00f6rst\u00e5 n\u00e4r man tar del av det h\u00e4r. <br>Vill ni f\u00e5 mer information om det som jag skrivit om s\u00e5 finns det i artikeln nedan: <\/p>\n\n\n\n<p><\/p>\n\n\n\n<h4 class=\"wp-block-heading\"><a href=\"https:\/\/assistanskoll.se\/20200511-HBlomberg-IGNE-kassan-tolkar-restriktivt.html\">https:\/\/assistanskoll.se\/20200511-HBlomberg-IGNE-kassan-tolkar-restriktivt.html<\/a><br><br>Beh\u00f6ver ni hj\u00e4lp att ans\u00f6ka eller \u00f6verklaga ett beslut om assistans? Kontakta oss p\u00e5 Assistansjuristerna. <br><br>Niklas <br>\/\/sekreterare <\/h4>\n\n\n\n<p><\/p>\n","protected":false},"excerpt":{"rendered":"<p>\u00a0\u00a0\u00a0\u00a0\u00a0\u00a0\u00a0\u00a0\u00a0\u00a0\u00a0\u00a0\u00a0\u00a0\u00a0\u00a0\u00a0\u00a0\u00a0\u00a0\u00a0\u00a0\u00a0\u00a0\u00a0\u00a0\u00a0\u00a0\u00a0\u00a0\u00a0\u00a0\u00a0\u00a0Tolkningarna blir allt mer restriktiva Nu har det grundl\u00e4ggande behovet personlig hygien blivit s\u00e5 pass restriktivt att F\u00f6rs\u00e4kringskassan bara r\u00e4knar tid f\u00f6r att h\u00e5lla smuts och andra oh\u00e4lsosamma \u00e4mnen fr\u00e5n kroppen. Men m\u00e5ste d\u00e5 motivera syftet att h\u00e5lla sig ren. Vad det g\u00e4ller rakning s\u00e5 beh\u00f6ver den s\u00f6kande ocks\u00e5 motivera behovet att h\u00e5lla sig ren. &hellip; <\/p>\n<p class=\"link-more\"><a href=\"http:\/\/assistans.tv\/blogg\/2020\/05\/13\/5699\/\" class=\"more-link\">Forts\u00e4tt l\u00e4sa<span class=\"screen-reader-text\"> \u201d\u201d<\/span><\/a><\/p>\n","protected":false},"author":3,"featured_media":0,"comment_status":"open","ping_status":"open","sticky":false,"template":"","format":"standard","meta":{"footnotes":""},"categories":[7,1],"tags":[],"class_list":["post-5699","post","type-post","status-publish","format-standard","hentry","category-assistansjuristerna","category-okategoriserade"],"_links":{"self":[{"href":"http:\/\/assistans.tv\/blogg\/wp-json\/wp\/v2\/posts\/5699"}],"collection":[{"href":"http:\/\/assistans.tv\/blogg\/wp-json\/wp\/v2\/posts"}],"about":[{"href":"http:\/\/assistans.tv\/blogg\/wp-json\/wp\/v2\/types\/post"}],"author":[{"embeddable":true,"href":"http:\/\/assistans.tv\/blogg\/wp-json\/wp\/v2\/users\/3"}],"replies":[{"embeddable":true,"href":"http:\/\/assistans.tv\/blogg\/wp-json\/wp\/v2\/comments?post=5699"}],"version-history":[{"count":1,"href":"http:\/\/assistans.tv\/blogg\/wp-json\/wp\/v2\/posts\/5699\/revisions"}],"predecessor-version":[{"id":5701,"href":"http:\/\/assistans.tv\/blogg\/wp-json\/wp\/v2\/posts\/5699\/revisions\/5701"}],"wp:attachment":[{"href":"http:\/\/assistans.tv\/blogg\/wp-json\/wp\/v2\/media?parent=5699"}],"wp:term":[{"taxonomy":"category","embeddable":true,"href":"http:\/\/assistans.tv\/blogg\/wp-json\/wp\/v2\/categories?post=5699"},{"taxonomy":"post_tag","embeddable":true,"href":"http:\/\/assistans.tv\/blogg\/wp-json\/wp\/v2\/tags?post=5699"}],"curies":[{"name":"wp","href":"https:\/\/api.w.org\/{rel}","templated":true}]}}