{"id":531,"date":"2015-06-05T15:10:28","date_gmt":"2015-06-05T15:10:28","guid":{"rendered":"http:\/\/assistansbloggen.se\/?p=531"},"modified":"2015-06-05T15:10:28","modified_gmt":"2015-06-05T15:10:28","slug":"varldsmiljodagen","status":"publish","type":"post","link":"http:\/\/assistans.tv\/blogg\/2015\/06\/05\/varldsmiljodagen\/","title":{"rendered":"V\u00e4rldsmilj\u00f6dagen"},"content":{"rendered":"<p><a href=\"http:\/\/media.assistansbloggen.se\/2015\/06\/Ljuster\u00f6.jpg\"><img loading=\"lazy\" decoding=\"async\" class=\"alignnone size-large wp-image-534\" src=\"http:\/\/media.assistansbloggen.se\/2015\/06\/Ljuster\u00f6-1024x768.jpg\" alt=\"Ljuster\u00f6\" width=\"720\" height=\"540\" \/><\/a><\/p>\n<p>Idag firas V\u00e4rdsmilj\u00f6dagen, en dag instiftad av FN under milj\u00f6v\u00e5rdskonferensen i Stockholm 1972. Syftet med dagen \u00e4r att uppm\u00e4rksamma milj\u00f6fr\u00e5gor, men \u00e4ven att fira v\u00e5r vackra milj\u00f6. Att leva en h\u00e5llbar livsstil och ta vara p\u00e5 v\u00e5r milj\u00f6 handlar inte om att leva ett tr\u00e5kigare liv, utan om att \u00e5stadkomma mer med de resurser vi har.<\/p>\n<p>V\u00e4rldsmilj\u00f6dagen firas i b\u00e5de stort och sm\u00e5tt<\/p>\n<p>runt om i v\u00e4rlden. Genom \u00e5ren har det till exempel h\u00e5llits uppm\u00e4rksammade manifestationer i Indien, Mexiko, Thailand, Kina och Sverige som handlat om allt fr\u00e5n tr\u00e4dplanteringar till vatten\u00e5tg\u00e5ng.<\/p>\n<p><img loading=\"lazy\" decoding=\"async\" class=\"alignnone size-full wp-image-533\" src=\"http:\/\/media.assistansbloggen.se\/2015\/06\/Panta.jpg\" alt=\"Panta\" width=\"547\" height=\"434\" \/><\/p>\n<p>Vi p\u00e5 VH-assistans arbetar med milj\u00f6fr\u00e5gor genom v\u00e5ra ISO-certifieringar som inneb\u00e4r att vi \u00e5rligen granskas betr\u00e4ffande milj\u00f6 samt \u00e4ven arbetsmilj\u00f6 och kvalitet. Vi har bland annat konkreta milj\u00f6m\u00e5l s\u00e5 som minskad energif\u00f6rbrukning, minskad pappersanv\u00e4ndning och att s\u00e4kerst\u00e4lla en s\u00e4ker kemikaliehantering.<\/p>\n<p>Ordspr\u00e5ket \u201dM\u00e5nga b\u00e4ckar sm\u00e5 g\u00f6r en stor \u00e5\u201d kommer v\u00e4l till pass, f\u00f6r ingen kan g\u00f6ra allt men alla kan g\u00f6ra n\u00e5got och om alla m\u00e4nniskor hj\u00e4lps \u00e5t och drar sitt str\u00e5 till milj\u00f6stacken s\u00e5 kommer jorden snart att m\u00e5 b\u00e4ttre!<\/p>\n<p>S\u00e5, Grattis p\u00e5 V\u00e4rldsmilj\u00f6dagen!<\/p>\n<p>Eva<\/p>\n","protected":false},"excerpt":{"rendered":"<p>Idag firas V\u00e4rdsmilj\u00f6dagen, en dag instiftad av FN under milj\u00f6v\u00e5rdskonferensen i Stockholm 1972. Syftet med dagen \u00e4r att uppm\u00e4rksamma milj\u00f6fr\u00e5gor, men \u00e4ven att fira v\u00e5r vackra milj\u00f6. Att leva en h\u00e5llbar livsstil och ta vara p\u00e5 v\u00e5r milj\u00f6 handlar inte om att leva ett tr\u00e5kigare liv, utan om att \u00e5stadkomma mer med de resurser vi &hellip; <\/p>\n<p class=\"link-more\"><a href=\"http:\/\/assistans.tv\/blogg\/2015\/06\/05\/varldsmiljodagen\/\" class=\"more-link\">Forts\u00e4tt l\u00e4sa<span class=\"screen-reader-text\"> \u201dV\u00e4rldsmilj\u00f6dagen\u201d<\/span><\/a><\/p>\n","protected":false},"author":2,"featured_media":534,"comment_status":"open","ping_status":"open","sticky":false,"template":"","format":"standard","meta":{"footnotes":""},"categories":[4],"tags":[],"class_list":["post-531","post","type-post","status-publish","format-standard","has-post-thumbnail","hentry","category-okategoriserat"],"_links":{"self":[{"href":"http:\/\/assistans.tv\/blogg\/wp-json\/wp\/v2\/posts\/531"}],"collection":[{"href":"http:\/\/assistans.tv\/blogg\/wp-json\/wp\/v2\/posts"}],"about":[{"href":"http:\/\/assistans.tv\/blogg\/wp-json\/wp\/v2\/types\/post"}],"author":[{"embeddable":true,"href":"http:\/\/assistans.tv\/blogg\/wp-json\/wp\/v2\/users\/2"}],"replies":[{"embeddable":true,"href":"http:\/\/assistans.tv\/blogg\/wp-json\/wp\/v2\/comments?post=531"}],"version-history":[{"count":0,"href":"http:\/\/assistans.tv\/blogg\/wp-json\/wp\/v2\/posts\/531\/revisions"}],"wp:featuredmedia":[{"embeddable":true,"href":"http:\/\/assistans.tv\/blogg\/wp-json\/"}],"wp:attachment":[{"href":"http:\/\/assistans.tv\/blogg\/wp-json\/wp\/v2\/media?parent=531"}],"wp:term":[{"taxonomy":"category","embeddable":true,"href":"http:\/\/assistans.tv\/blogg\/wp-json\/wp\/v2\/categories?post=531"},{"taxonomy":"post_tag","embeddable":true,"href":"http:\/\/assistans.tv\/blogg\/wp-json\/wp\/v2\/tags?post=531"}],"curies":[{"name":"wp","href":"https:\/\/api.w.org\/{rel}","templated":true}]}}