{"id":5260,"date":"2018-06-08T09:07:08","date_gmt":"2018-06-08T07:07:08","guid":{"rendered":"http:\/\/assistans.tv\/blogg\/?p=5260"},"modified":"2018-06-08T09:07:08","modified_gmt":"2018-06-08T07:07:08","slug":"picknick-med-kubb-i-lycksele","status":"publish","type":"post","link":"http:\/\/assistans.tv\/blogg\/2018\/06\/08\/picknick-med-kubb-i-lycksele\/","title":{"rendered":"Picknick med Kubb i Lycksele"},"content":{"rendered":"<p><img loading=\"lazy\" decoding=\"async\" class=\"alignright size-medium wp-image-5261\" src=\"http:\/\/assistans.tv\/blogg\/wp-content\/uploads\/2018\/06\/Picknick-med-kubb-300x300.jpg\" alt=\"\" width=\"300\" height=\"300\" srcset=\"http:\/\/assistans.tv\/blogg\/wp-content\/uploads\/2018\/06\/Picknick-med-kubb-300x300.jpg 300w, http:\/\/assistans.tv\/blogg\/wp-content\/uploads\/2018\/06\/Picknick-med-kubb-150x150.jpg 150w, http:\/\/assistans.tv\/blogg\/wp-content\/uploads\/2018\/06\/Picknick-med-kubb-768x768.jpg 768w, http:\/\/assistans.tv\/blogg\/wp-content\/uploads\/2018\/06\/Picknick-med-kubb-100x100.jpg 100w, http:\/\/assistans.tv\/blogg\/wp-content\/uploads\/2018\/06\/Picknick-med-kubb.jpg 1024w\" sizes=\"(max-width: 300px) 100vw, 300px\" \/>\u00c4ntligen kan man vara ute i det gr\u00f6na och ha Picknick!<\/p>\n<p>I Lycksele har vi, som st\u00f6rre delen av landet, haft en str\u00e5lande\u00a0Majm\u00e5nad, s\u00e5 vi passade p\u00e5 att\u00a0g\u00f6ra en frukt-picknick med olika meloner, ananas och jordgubbar och drog till parken.<\/p>\n<p>Men vad \u00e4r en Picknick utan Kubb!? Sj\u00e4lvklart drog vi med oss tr\u00e4klabbarna och spelade en stund! \ud83d\ude42<\/p>\n<p>Hoppas v\u00e4rmen kommer tillbaka snabbt!<\/p>\n<p>Ha det underbart allihop!<\/p>\n<p>&nbsp;<\/p>\n<p>&nbsp;<\/p>\n","protected":false},"excerpt":{"rendered":"<p>\u00c4ntligen kan man vara ute i det gr\u00f6na och ha Picknick! I Lycksele har vi, som st\u00f6rre delen av landet, haft en str\u00e5lande\u00a0Majm\u00e5nad, s\u00e5 vi passade p\u00e5 att\u00a0g\u00f6ra en frukt-picknick med olika meloner, ananas och jordgubbar och drog till parken. Men vad \u00e4r en Picknick utan Kubb!? Sj\u00e4lvklart drog vi med oss tr\u00e4klabbarna och spelade &hellip; <\/p>\n<p class=\"link-more\"><a href=\"http:\/\/assistans.tv\/blogg\/2018\/06\/08\/picknick-med-kubb-i-lycksele\/\" class=\"more-link\">Forts\u00e4tt l\u00e4sa<span class=\"screen-reader-text\"> \u201dPicknick med Kubb i Lycksele\u201d<\/span><\/a><\/p>\n","protected":false},"author":5,"featured_media":0,"comment_status":"open","ping_status":"open","sticky":false,"template":"","format":"standard","meta":{"footnotes":""},"categories":[6],"tags":[],"class_list":["post-5260","post","type-post","status-publish","format-standard","hentry","category-assistansbloggen"],"_links":{"self":[{"href":"http:\/\/assistans.tv\/blogg\/wp-json\/wp\/v2\/posts\/5260"}],"collection":[{"href":"http:\/\/assistans.tv\/blogg\/wp-json\/wp\/v2\/posts"}],"about":[{"href":"http:\/\/assistans.tv\/blogg\/wp-json\/wp\/v2\/types\/post"}],"author":[{"embeddable":true,"href":"http:\/\/assistans.tv\/blogg\/wp-json\/wp\/v2\/users\/5"}],"replies":[{"embeddable":true,"href":"http:\/\/assistans.tv\/blogg\/wp-json\/wp\/v2\/comments?post=5260"}],"version-history":[{"count":3,"href":"http:\/\/assistans.tv\/blogg\/wp-json\/wp\/v2\/posts\/5260\/revisions"}],"predecessor-version":[{"id":5264,"href":"http:\/\/assistans.tv\/blogg\/wp-json\/wp\/v2\/posts\/5260\/revisions\/5264"}],"wp:attachment":[{"href":"http:\/\/assistans.tv\/blogg\/wp-json\/wp\/v2\/media?parent=5260"}],"wp:term":[{"taxonomy":"category","embeddable":true,"href":"http:\/\/assistans.tv\/blogg\/wp-json\/wp\/v2\/categories?post=5260"},{"taxonomy":"post_tag","embeddable":true,"href":"http:\/\/assistans.tv\/blogg\/wp-json\/wp\/v2\/tags?post=5260"}],"curies":[{"name":"wp","href":"https:\/\/api.w.org\/{rel}","templated":true}]}}