{"id":5247,"date":"2018-05-09T11:26:38","date_gmt":"2018-05-09T09:26:38","guid":{"rendered":"http:\/\/assistans.tv\/blogg\/?p=5247"},"modified":"2018-05-09T11:26:38","modified_gmt":"2018-05-09T09:26:38","slug":"brandutbildning","status":"publish","type":"post","link":"http:\/\/assistans.tv\/blogg\/2018\/05\/09\/brandutbildning\/","title":{"rendered":"Brandutbildning!"},"content":{"rendered":"<p style=\"text-align: left\">Hej!<\/p>\n<p style=\"text-align: left\">Ig\u00e5r var vi p\u00e5 brandutbildning! Vi hade tur med v\u00e4dret d\u00e5 det var str\u00e5lande sol och \u00f6ver 20 grader varmt. Dagen b\u00f6rjade med att vi \u00e5kte tillsammans till brandutbildningen som ligger utanf\u00f6r Farsta.\u00a0Den f\u00f6rsta delen av\u00a0utbildningsdagen var teori.\u00a0Vi fick l\u00e4ra oss bland annat om hur snabbt en eld kan sprida sig, vad som \u00e4r de vanligaste orsakerna till att en brand uppst\u00e5r samt hur viktigt det \u00e4r med att ha ett fungerande brandlarm. V\u00e4ldigt l\u00e4rorik och intressant!<\/p>\n<p style=\"text-align: left\">P\u00e5 eftermiddagen var den praktiska delen. Alla deltagare fick byta om till mer brands\u00e4kra kl\u00e4der och d\u00e4refter var det dags att pr\u00f6va p\u00e5 hur det \u00e4r att anv\u00e4nda en brandsl\u00e4ckare.<\/p>\n<p><img loading=\"lazy\" decoding=\"async\" class=\"size-medium wp-image-5249 alignnone\" src=\"http:\/\/assistans.tv\/blogg\/wp-content\/uploads\/2018\/05\/IMG_0074-300x225.jpg\" alt=\"\" width=\"300\" height=\"225\" srcset=\"http:\/\/assistans.tv\/blogg\/wp-content\/uploads\/2018\/05\/IMG_0074-300x225.jpg 300w, http:\/\/assistans.tv\/blogg\/wp-content\/uploads\/2018\/05\/IMG_0074.jpg 320w\" sizes=\"(max-width: 300px) 100vw, 300px\" \/> <img loading=\"lazy\" decoding=\"async\" class=\"wp-image-5250 size-medium alignnone\" src=\"http:\/\/assistans.tv\/blogg\/wp-content\/uploads\/2018\/05\/IMG_0082-e1525856839456-225x300.jpg\" alt=\"\" width=\"225\" height=\"300\" srcset=\"http:\/\/assistans.tv\/blogg\/wp-content\/uploads\/2018\/05\/IMG_0082-e1525856839456-225x300.jpg 225w, http:\/\/assistans.tv\/blogg\/wp-content\/uploads\/2018\/05\/IMG_0082-e1525856839456.jpg 240w\" sizes=\"(max-width: 225px) 100vw, 225px\" \/> <img loading=\"lazy\" decoding=\"async\" class=\"size-medium wp-image-5251 alignnone\" src=\"http:\/\/assistans.tv\/blogg\/wp-content\/uploads\/2018\/05\/IMG_0086-300x225.jpg\" alt=\"\" width=\"300\" height=\"225\" srcset=\"http:\/\/assistans.tv\/blogg\/wp-content\/uploads\/2018\/05\/IMG_0086-300x225.jpg 300w, http:\/\/assistans.tv\/blogg\/wp-content\/uploads\/2018\/05\/IMG_0086.jpg 320w\" sizes=\"(max-width: 300px) 100vw, 300px\" \/><\/p>\n<p>&nbsp;<\/p>\n<p style=\"text-align: left\">Vi fick se vad som h\u00e4nder om man h\u00e4ller vatten i en kastrull d\u00e4r matlagningsolja brinner, att elden spred sig och blev v\u00e4rre var en ny l\u00e4rdom f\u00f6r mig. S\u00e5 om matlagningsolja brinner ska man INTE h\u00e4lla p\u00e5 vatten, ist\u00e4llet ska man s\u00e4tta p\u00e5 locket alternativt h\u00e4lla p\u00e5 mer olja f\u00f6r att d\u00e4mpa temperaturen och d\u00e4rmed eldspridningen.<\/p>\n<p><img loading=\"lazy\" decoding=\"async\" class=\"wp-image-5252 size-medium alignnone\" src=\"http:\/\/assistans.tv\/blogg\/wp-content\/uploads\/2018\/05\/IMG_0089-e1525857030217-225x300.jpg\" alt=\"\" width=\"225\" height=\"300\" srcset=\"http:\/\/assistans.tv\/blogg\/wp-content\/uploads\/2018\/05\/IMG_0089-e1525857030217-225x300.jpg 225w, http:\/\/assistans.tv\/blogg\/wp-content\/uploads\/2018\/05\/IMG_0089-e1525857030217.jpg 240w\" sizes=\"(max-width: 225px) 100vw, 225px\" \/>\u00a0 <img loading=\"lazy\" decoding=\"async\" class=\"size-medium wp-image-5253 alignnone\" src=\"http:\/\/assistans.tv\/blogg\/wp-content\/uploads\/2018\/05\/IMG_0094-300x225.jpg\" alt=\"\" width=\"300\" height=\"225\" srcset=\"http:\/\/assistans.tv\/blogg\/wp-content\/uploads\/2018\/05\/IMG_0094-300x225.jpg 300w, http:\/\/assistans.tv\/blogg\/wp-content\/uploads\/2018\/05\/IMG_0094.jpg 320w\" sizes=\"(max-width: 300px) 100vw, 300px\" \/><img loading=\"lazy\" decoding=\"async\" class=\"wp-image-5254 size-medium alignnone\" src=\"http:\/\/assistans.tv\/blogg\/wp-content\/uploads\/2018\/05\/IMG_0096-e1525857049640-225x300.jpg\" alt=\"\" width=\"225\" height=\"300\" srcset=\"http:\/\/assistans.tv\/blogg\/wp-content\/uploads\/2018\/05\/IMG_0096-e1525857049640-225x300.jpg 225w, http:\/\/assistans.tv\/blogg\/wp-content\/uploads\/2018\/05\/IMG_0096-e1525857049640.jpg 240w\" sizes=\"(max-width: 225px) 100vw, 225px\" \/><\/p>\n<p style=\"text-align: left\">Ett annat moment vi pr\u00f6vade var att anv\u00e4nda brandfilt p\u00e5 en m\u00e4nniska (allts\u00e5 ingen riktig, en docka)\u00a0som brinner. Det l\u00e4skigaste men v\u00e4ldigt l\u00e4rorika vi fick pr\u00f6va var att sitta i en korridor d\u00e4r det blev r\u00f6kspridning efter en brand. Vi fick se hur r\u00f6ken sj\u00f6nk allt l\u00e4ngre ner till marken och d\u00e4refter krypa ut.<\/p>\n<p style=\"text-align: left\">Dagen var mycket l\u00e4rorik och rolig, som avslutning fick vi alla ett diplom och fika. Bra avslut p\u00e5 en rolig dag!<\/p>\n<p><img loading=\"lazy\" decoding=\"async\" class=\"wp-image-5255 size-medium alignnone\" src=\"http:\/\/assistans.tv\/blogg\/wp-content\/uploads\/2018\/05\/IMG_0113-e1525857113832-225x300.jpg\" alt=\"\" width=\"225\" height=\"300\" srcset=\"http:\/\/assistans.tv\/blogg\/wp-content\/uploads\/2018\/05\/IMG_0113-e1525857113832-225x300.jpg 225w, http:\/\/assistans.tv\/blogg\/wp-content\/uploads\/2018\/05\/IMG_0113-e1525857113832.jpg 240w\" sizes=\"(max-width: 225px) 100vw, 225px\" \/> <img loading=\"lazy\" decoding=\"async\" class=\"wp-image-5256 size-medium alignnone\" src=\"http:\/\/assistans.tv\/blogg\/wp-content\/uploads\/2018\/05\/IMG_0114-e1525857128614-225x300.jpg\" alt=\"\" width=\"225\" height=\"300\" srcset=\"http:\/\/assistans.tv\/blogg\/wp-content\/uploads\/2018\/05\/IMG_0114-e1525857128614-225x300.jpg 225w, http:\/\/assistans.tv\/blogg\/wp-content\/uploads\/2018\/05\/IMG_0114-e1525857128614.jpg 240w\" sizes=\"(max-width: 225px) 100vw, 225px\" \/><\/p>\n<p style=\"text-align: left\"><strong>Gl\u00f6m inte att brandutbildningen \u00e4r livsviktig och r\u00e4ddar liv, samt \u00e4r obligatorisk f\u00f6r alla v\u00e5ra assistenter att g\u00e5. Var tredje \u00e5r ska\u00a0utbildningen uppdateras. <\/strong><\/p>\n<p style=\"text-align: left\">\/Anna, verksamhetsledare<\/p>\n","protected":false},"excerpt":{"rendered":"<p>Hej! Ig\u00e5r var vi p\u00e5 brandutbildning! Vi hade tur med v\u00e4dret d\u00e5 det var str\u00e5lande sol och \u00f6ver 20 grader varmt. Dagen b\u00f6rjade med att vi \u00e5kte tillsammans till brandutbildningen som ligger utanf\u00f6r Farsta.\u00a0Den f\u00f6rsta delen av\u00a0utbildningsdagen var teori.\u00a0Vi fick l\u00e4ra oss bland annat om hur snabbt en eld kan sprida sig, vad som \u00e4r &hellip; <\/p>\n<p class=\"link-more\"><a href=\"http:\/\/assistans.tv\/blogg\/2018\/05\/09\/brandutbildning\/\" class=\"more-link\">Forts\u00e4tt l\u00e4sa<span class=\"screen-reader-text\"> \u201dBrandutbildning!\u201d<\/span><\/a><\/p>\n","protected":false},"author":5,"featured_media":0,"comment_status":"open","ping_status":"open","sticky":false,"template":"","format":"standard","meta":{"footnotes":""},"categories":[1],"tags":[],"class_list":["post-5247","post","type-post","status-publish","format-standard","hentry","category-okategoriserade"],"_links":{"self":[{"href":"http:\/\/assistans.tv\/blogg\/wp-json\/wp\/v2\/posts\/5247"}],"collection":[{"href":"http:\/\/assistans.tv\/blogg\/wp-json\/wp\/v2\/posts"}],"about":[{"href":"http:\/\/assistans.tv\/blogg\/wp-json\/wp\/v2\/types\/post"}],"author":[{"embeddable":true,"href":"http:\/\/assistans.tv\/blogg\/wp-json\/wp\/v2\/users\/5"}],"replies":[{"embeddable":true,"href":"http:\/\/assistans.tv\/blogg\/wp-json\/wp\/v2\/comments?post=5247"}],"version-history":[{"count":2,"href":"http:\/\/assistans.tv\/blogg\/wp-json\/wp\/v2\/posts\/5247\/revisions"}],"predecessor-version":[{"id":5258,"href":"http:\/\/assistans.tv\/blogg\/wp-json\/wp\/v2\/posts\/5247\/revisions\/5258"}],"wp:attachment":[{"href":"http:\/\/assistans.tv\/blogg\/wp-json\/wp\/v2\/media?parent=5247"}],"wp:term":[{"taxonomy":"category","embeddable":true,"href":"http:\/\/assistans.tv\/blogg\/wp-json\/wp\/v2\/categories?post=5247"},{"taxonomy":"post_tag","embeddable":true,"href":"http:\/\/assistans.tv\/blogg\/wp-json\/wp\/v2\/tags?post=5247"}],"curies":[{"name":"wp","href":"https:\/\/api.w.org\/{rel}","templated":true}]}}