{"id":524,"date":"2015-06-04T13:47:55","date_gmt":"2015-06-04T13:47:55","guid":{"rendered":"http:\/\/assistansbloggen.se\/?p=524"},"modified":"2015-06-04T13:47:55","modified_gmt":"2015-06-04T13:47:55","slug":"miniredaktoren-i-arbete","status":"publish","type":"post","link":"http:\/\/assistans.tv\/blogg\/2015\/06\/04\/miniredaktoren-i-arbete\/","title":{"rendered":"Miniredakt\u00f6ren i arbete"},"content":{"rendered":"<p>Jag har nu planerat firandet av \u00e5rets v\u00e4rdegrundsdag tillsammans med VD. Vi har firat den under flera \u00e5r och v\u00e4rdegrundsarbetet \u00e4r en viktig del av v\u00e5r vardag.<\/p>\n<p><a href=\"http:\/\/media.veronicabloggar.se\/2015\/06\/DSC00093.jpg\"><img loading=\"lazy\" decoding=\"async\" class=\"alignnone size-large wp-image-48\" src=\"http:\/\/media.veronicabloggar.se\/2015\/06\/DSC00093-768x1024.jpg\" alt=\"DSC00093\" width=\"720\" height=\"960\" \/><\/a><br \/>\nTidigare har vi sk\u00e4nkt pengar till Hj\u00e4rtebarnsf\u00f6reningen och levererat hj\u00e4rtebakelser till barnsjukhusen, vi har gett pengar till hj\u00e4rtsjuka barn, s\u00e5lt majblomman, samlat in till barnhemmen i Riga dit vi ocks\u00e5 \u00e5kte och l\u00e4mnade \u00f6ver insamlingen, <a href=\"http:\/\/www.assistans.tv\/intervjuerochreportage\/3055-vh-assistans-i-riga.html\" target=\"_blank\">ni kan se filmen h\u00e4r<\/a>.<br \/>\nEtt \u00e5r sk\u00e4nkte vi pengar till heml\u00f6sa familjer i Sverige, ett annat till organisationen Vaggan, ett tredje \u00e5r ordnade vi leksaksloppis i hela landet och sk\u00e4nkte pengar till s\u00e4llsynta diagnoser.<br \/>\nVi har st\u00f6ttat barncancerfonden, haft julkuleloppis till f\u00f6rm\u00e5n f\u00f6r barnhemsbarnen och mycket annat.<\/p>\n<p><a href=\"http:\/\/media.veronicabloggar.se\/2015\/06\/veroncia.jpg\"><img loading=\"lazy\" decoding=\"async\" class=\"alignnone size-full wp-image-49\" src=\"http:\/\/media.veronicabloggar.se\/2015\/06\/veroncia.jpg\" alt=\"veroncia\" width=\"960\" height=\"720\" \/><\/a><br \/>\nEtt \u00e5r bakade vi kanelbullar under hela Kanelbullens dag och sk\u00e4nkte pengarna till Radiohj\u00e4lpen, vi har ocks\u00e5 k\u00f6pt k\u00e4ndiskramar d\u00e4r barn med funktionshinder fick krama sin idol och pengarna gick till R\u00f6da korset.<br \/>\nI \u00e5r vill vi f\u00f6rgylla tillvaron lite extra f\u00f6r v\u00e5ra \u00e4ldre och tj\u00e4nstg\u00f6r d\u00e4rf\u00f6r en dag p\u00e5 \u00e4ldreboenden d\u00e4r vi bjuder in till kaffekalas och musikt\u00e4vlingar.<br \/>\nMin mormor som nyss gick bort bodde sina sista \u00e5r p\u00e5 \u00e4ldreboende, och d\u00e4rf\u00f6r vet vi hur viktigt det \u00e4r med stimulans och aktiviteter f\u00f6r gamla m\u00e4nniskor.<br \/>\nF\u00f6r unga med, baby-William ligger p\u00e5 min arm och deltar i samtalet med er, han \u00e4r alltid med n\u00e4r vi skriver blogg, och kallas numera miniredakt\u00f6rn. Han gillar att g\u00f6ra sin st\u00e4mma h\u00f6rd med sm\u00e5 bel\u00e5tna ljud, l\u00e5ter som den vackraste sk\u00f6ns\u00e5ng i mammas \u00f6ron.<\/p>\n<p><a href=\"http:\/\/media.veronicabloggar.se\/2015\/06\/1.jpg\"><img loading=\"lazy\" decoding=\"async\" class=\"alignnone size-full wp-image-51\" src=\"http:\/\/media.veronicabloggar.se\/2015\/06\/1.jpg\" alt=\"1\" width=\"300\" height=\"300\" \/><\/a><\/p>\n","protected":false},"excerpt":{"rendered":"<p>Jag har nu planerat firandet av \u00e5rets v\u00e4rdegrundsdag tillsammans med VD. Vi har firat den under flera \u00e5r och v\u00e4rdegrundsarbetet \u00e4r en viktig del av v\u00e5r vardag. Tidigare har vi sk\u00e4nkt pengar till Hj\u00e4rtebarnsf\u00f6reningen och levererat hj\u00e4rtebakelser till barnsjukhusen, vi har gett pengar till hj\u00e4rtsjuka barn, s\u00e5lt majblomman, samlat in till barnhemmen i Riga dit &hellip; <\/p>\n<p class=\"link-more\"><a href=\"http:\/\/assistans.tv\/blogg\/2015\/06\/04\/miniredaktoren-i-arbete\/\" class=\"more-link\">Forts\u00e4tt l\u00e4sa<span class=\"screen-reader-text\"> \u201dMiniredakt\u00f6ren i arbete\u201d<\/span><\/a><\/p>\n","protected":false},"author":2,"featured_media":526,"comment_status":"open","ping_status":"open","sticky":false,"template":"","format":"standard","meta":{"footnotes":""},"categories":[4,12],"tags":[],"class_list":["post-524","post","type-post","status-publish","format-standard","has-post-thumbnail","hentry","category-okategoriserat","category-veronicas-mammablogg"],"_links":{"self":[{"href":"http:\/\/assistans.tv\/blogg\/wp-json\/wp\/v2\/posts\/524"}],"collection":[{"href":"http:\/\/assistans.tv\/blogg\/wp-json\/wp\/v2\/posts"}],"about":[{"href":"http:\/\/assistans.tv\/blogg\/wp-json\/wp\/v2\/types\/post"}],"author":[{"embeddable":true,"href":"http:\/\/assistans.tv\/blogg\/wp-json\/wp\/v2\/users\/2"}],"replies":[{"embeddable":true,"href":"http:\/\/assistans.tv\/blogg\/wp-json\/wp\/v2\/comments?post=524"}],"version-history":[{"count":0,"href":"http:\/\/assistans.tv\/blogg\/wp-json\/wp\/v2\/posts\/524\/revisions"}],"wp:featuredmedia":[{"embeddable":true,"href":"http:\/\/assistans.tv\/blogg\/wp-json\/"}],"wp:attachment":[{"href":"http:\/\/assistans.tv\/blogg\/wp-json\/wp\/v2\/media?parent=524"}],"wp:term":[{"taxonomy":"category","embeddable":true,"href":"http:\/\/assistans.tv\/blogg\/wp-json\/wp\/v2\/categories?post=524"},{"taxonomy":"post_tag","embeddable":true,"href":"http:\/\/assistans.tv\/blogg\/wp-json\/wp\/v2\/tags?post=524"}],"curies":[{"name":"wp","href":"https:\/\/api.w.org\/{rel}","templated":true}]}}