{"id":4586,"date":"2017-04-20T09:57:34","date_gmt":"2017-04-20T09:57:34","guid":{"rendered":"http:\/\/assistansbloggen.se\/?p=4586"},"modified":"2017-04-20T09:57:34","modified_gmt":"2017-04-20T09:57:34","slug":"utredning-av-assistansmarknaden","status":"publish","type":"post","link":"http:\/\/assistans.tv\/blogg\/2017\/04\/20\/utredning-av-assistansmarknaden\/","title":{"rendered":"Utredning av assistansmarknaden"},"content":{"rendered":"<p>Regeringen har nu beslutat att g\u00f6ra en utredning av assistansmarknaden, f\u00f6r att kartl\u00e4gga eventuella vinster, eller om det f\u00f6rekommer brottslighet. Stig Svensson som kommer att ha hand om utredningen s\u00e4ger att han st\u00f6tt p\u00e5 \u00e4renden d\u00e4r det funnits koppling till kriminalitet i assistansbranschen. Han st\u00e4ller fr\u00e5gan om lagtexten \u00e4r skriven p\u00e5 ett s\u00e5dant s\u00e4tt att en \u00e5klagare kan v\u00e4cka \u00e5tal.<\/p>\n<p><a href=\"http:\/\/media.assistansbloggen.se\/2017\/04\/Bloggtorsdag20.jpg\"><img loading=\"lazy\" decoding=\"async\" class=\" size-medium wp-image-4587 aligncenter\" src=\"http:\/\/media.assistansbloggen.se\/2017\/04\/Bloggtorsdag20-300x200.jpg\" alt=\"Bloggtorsdag20\" width=\"300\" height=\"200\" \/><\/a><\/p>\n<p>Regeringen s\u00e4ger in sitt uttalande att assistansers\u00e4ttningen \u00e4r den socialf\u00f6rs\u00e4kringsf\u00f6rm\u00e5n som betalar ut mest pengar till enskilda individer. Vilket har lockat till sig oseri\u00f6sa akt\u00f6rer till branschen.<br \/>\nDetta i kombination med att det inte varit tillr\u00e4cklig kontroll. Nu kan man ju h\u00e5lla med om att det ska finnas ett kontrollsystem s\u00e5 att oseri\u00f6sa akt\u00f6rer inte f\u00e5r m\u00f6jlighet att verka i branschen. Problemet idag \u00e4r att man har inriktat sig p\u00e5 kostnadsd\u00e4mpning som resulterat i att, m\u00e5nga personer i behov av assistans inte l\u00e4ngre f\u00e5r det. Man har haft f\u00f6r stort fokus p\u00e5 assistansanv\u00e4ndarna som man i denna utredning s\u00e4ger sig vilja skydda. Genom att fr\u00e5n F\u00f6rs\u00e4kringskassans sida g\u00f6ra v\u00e4ldigt h\u00e5rda bed\u00f6mningar. Det h\u00e4r \u00e4r inte ett s\u00e4tt att komma \u00e5t oseri\u00f6sa akt\u00f6rer p\u00e5 marknaden, utan bara \u00e4nnu ett s\u00e4tt att f\u00f6rsv\u00e5ra f\u00f6r m\u00e4nniskor med stora behov. Det som regeringen m\u00e5ste g\u00f6ra \u00e4r att st\u00e4rka r\u00e4tten till assistans, inte underminera den.<\/p>\n<p>Har ni drabbats av regeringens h\u00e5rdare syn p\u00e5 r\u00e4tten till assistans, genom ett avslagsbeslut. Tveka inte att kontakta oss p\u00e5 Assistansjuristerna.<\/p>\n<p>&nbsp;<\/p>\n<p><strong>Niklas \/\/sekreterare <\/strong><\/p>\n","protected":false},"excerpt":{"rendered":"<p>Regeringen har nu beslutat att g\u00f6ra en utredning av assistansmarknaden, f\u00f6r att kartl\u00e4gga eventuella vinster, eller om det f\u00f6rekommer brottslighet. Stig Svensson som kommer att ha hand om utredningen s\u00e4ger att han st\u00f6tt p\u00e5 \u00e4renden d\u00e4r det funnits koppling till kriminalitet i assistansbranschen. Han st\u00e4ller fr\u00e5gan om lagtexten \u00e4r skriven p\u00e5 ett s\u00e5dant s\u00e4tt att &hellip; <\/p>\n<p class=\"link-more\"><a href=\"http:\/\/assistans.tv\/blogg\/2017\/04\/20\/utredning-av-assistansmarknaden\/\" class=\"more-link\">Forts\u00e4tt l\u00e4sa<span class=\"screen-reader-text\"> \u201dUtredning av assistansmarknaden\u201d<\/span><\/a><\/p>\n","protected":false},"author":3,"featured_media":0,"comment_status":"open","ping_status":"open","sticky":false,"template":"","format":"standard","meta":{"footnotes":""},"categories":[7],"tags":[],"class_list":["post-4586","post","type-post","status-publish","format-standard","hentry","category-assistansjuristerna"],"_links":{"self":[{"href":"http:\/\/assistans.tv\/blogg\/wp-json\/wp\/v2\/posts\/4586"}],"collection":[{"href":"http:\/\/assistans.tv\/blogg\/wp-json\/wp\/v2\/posts"}],"about":[{"href":"http:\/\/assistans.tv\/blogg\/wp-json\/wp\/v2\/types\/post"}],"author":[{"embeddable":true,"href":"http:\/\/assistans.tv\/blogg\/wp-json\/wp\/v2\/users\/3"}],"replies":[{"embeddable":true,"href":"http:\/\/assistans.tv\/blogg\/wp-json\/wp\/v2\/comments?post=4586"}],"version-history":[{"count":0,"href":"http:\/\/assistans.tv\/blogg\/wp-json\/wp\/v2\/posts\/4586\/revisions"}],"wp:attachment":[{"href":"http:\/\/assistans.tv\/blogg\/wp-json\/wp\/v2\/media?parent=4586"}],"wp:term":[{"taxonomy":"category","embeddable":true,"href":"http:\/\/assistans.tv\/blogg\/wp-json\/wp\/v2\/categories?post=4586"},{"taxonomy":"post_tag","embeddable":true,"href":"http:\/\/assistans.tv\/blogg\/wp-json\/wp\/v2\/tags?post=4586"}],"curies":[{"name":"wp","href":"https:\/\/api.w.org\/{rel}","templated":true}]}}