{"id":4377,"date":"2017-01-23T16:12:01","date_gmt":"2017-01-23T16:12:01","guid":{"rendered":"http:\/\/assistansbloggen.se\/?p=4377"},"modified":"2017-01-23T16:12:01","modified_gmt":"2017-01-23T16:12:01","slug":"kontoret-blir-tandvardsmottagning","status":"publish","type":"post","link":"http:\/\/assistans.tv\/blogg\/2017\/01\/23\/kontoret-blir-tandvardsmottagning\/","title":{"rendered":"Kontoret blir tandv\u00e5rdsmottagning"},"content":{"rendered":"<p>Hej!<\/p>\n<p>Idag fick jag bes\u00f6k p\u00e5 kontoret av Joanna, dental hygienist. Vanligtvis brukar man kanske g\u00e5 till en tandl\u00e4karmottagning men om du har personlig assistans, som jag, finns det m\u00f6jlighet att f\u00e5 upps\u00f6kande tandv\u00e5rd. <a href=\"http:\/\/www.1177.se\/Regler-och-rattigheter\/Tandvard-om-man-har-stort-omvardnadsbehov-i-dagliga-livet\/\" target=\"_blank\">Du kan l\u00e4sa mer om det h\u00e4r<\/a>.<br \/>\nDet \u00e4r v\u00e4ldigt bra f\u00f6r mig d\u00e5 tillg\u00e4ngligheten inte alltid full\u00e4ndad p\u00e5 vissa mottagningar, s\u00e5 idag kunde jag vara produktiv p\u00e5 kontoret samtidigt som jag kunde v\u00e5rda mina t\u00e4nder.<\/p>\n<p><a href=\"http:\/\/media.assistansbloggen.se\/2017\/01\/16237062_10155033730829421_932078003_n.jpg\"><img loading=\"lazy\" decoding=\"async\" class=\"alignnone size-large wp-image-4380\" src=\"http:\/\/media.assistansbloggen.se\/2017\/01\/16237062_10155033730829421_932078003_n.jpg\" alt=\"16237062_10155033730829421_932078003_n\" width=\"640\" height=\"480\" \/><\/a><\/p>\n<p>Det hela \u00e4r v\u00e4ldigt l\u00e4tt d\u00e5 dental hygienisten, eller tandl\u00e4karen om du bokat en s\u00e5dan, kommer med sin utrustning och anv\u00e4nder en pannlampa ist\u00e4llet, v\u00e4ldigt smart!<\/p>\n<p><a href=\"http:\/\/media.assistansbloggen.se\/2017\/01\/16237937_10155033729554421_1281847665_n.jpg\"><img loading=\"lazy\" decoding=\"async\" class=\"alignnone size-large wp-image-4384\" src=\"http:\/\/media.assistansbloggen.se\/2017\/01\/16237937_10155033729554421_1281847665_n.jpg\" alt=\"16237937_10155033729554421_1281847665_n\" width=\"640\" height=\"480\" \/><\/a><\/p>\n<p>Ha en bra dag!<\/p>\n<p>\/Veronica<\/p>\n<p>&nbsp;<\/p>\n","protected":false},"excerpt":{"rendered":"<p>Hej! Idag fick jag bes\u00f6k p\u00e5 kontoret av Joanna, dental hygienist. Vanligtvis brukar man kanske g\u00e5 till en tandl\u00e4karmottagning men om du har personlig assistans, som jag, finns det m\u00f6jlighet att f\u00e5 upps\u00f6kande tandv\u00e5rd. Du kan l\u00e4sa mer om det h\u00e4r. Det \u00e4r v\u00e4ldigt bra f\u00f6r mig d\u00e5 tillg\u00e4ngligheten inte alltid full\u00e4ndad p\u00e5 vissa mottagningar, &hellip; <\/p>\n<p class=\"link-more\"><a href=\"http:\/\/assistans.tv\/blogg\/2017\/01\/23\/kontoret-blir-tandvardsmottagning\/\" class=\"more-link\">Forts\u00e4tt l\u00e4sa<span class=\"screen-reader-text\"> \u201dKontoret blir tandv\u00e5rdsmottagning\u201d<\/span><\/a><\/p>\n","protected":false},"author":2,"featured_media":4381,"comment_status":"open","ping_status":"open","sticky":false,"template":"","format":"standard","meta":{"footnotes":""},"categories":[12],"tags":[],"class_list":["post-4377","post","type-post","status-publish","format-standard","has-post-thumbnail","hentry","category-veronicas-mammablogg"],"_links":{"self":[{"href":"http:\/\/assistans.tv\/blogg\/wp-json\/wp\/v2\/posts\/4377"}],"collection":[{"href":"http:\/\/assistans.tv\/blogg\/wp-json\/wp\/v2\/posts"}],"about":[{"href":"http:\/\/assistans.tv\/blogg\/wp-json\/wp\/v2\/types\/post"}],"author":[{"embeddable":true,"href":"http:\/\/assistans.tv\/blogg\/wp-json\/wp\/v2\/users\/2"}],"replies":[{"embeddable":true,"href":"http:\/\/assistans.tv\/blogg\/wp-json\/wp\/v2\/comments?post=4377"}],"version-history":[{"count":0,"href":"http:\/\/assistans.tv\/blogg\/wp-json\/wp\/v2\/posts\/4377\/revisions"}],"wp:featuredmedia":[{"embeddable":true,"href":"http:\/\/assistans.tv\/blogg\/wp-json\/"}],"wp:attachment":[{"href":"http:\/\/assistans.tv\/blogg\/wp-json\/wp\/v2\/media?parent=4377"}],"wp:term":[{"taxonomy":"category","embeddable":true,"href":"http:\/\/assistans.tv\/blogg\/wp-json\/wp\/v2\/categories?post=4377"},{"taxonomy":"post_tag","embeddable":true,"href":"http:\/\/assistans.tv\/blogg\/wp-json\/wp\/v2\/tags?post=4377"}],"curies":[{"name":"wp","href":"https:\/\/api.w.org\/{rel}","templated":true}]}}